{"id":3275,"date":"2024-06-14T08:25:06","date_gmt":"2024-06-14T08:25:06","guid":{"rendered":"https:\/\/maratondelahabana.com\/?p=3275"},"modified":"2025-06-25T08:16:09","modified_gmt":"2025-06-25T08:16:09","slug":"adidas-will-once-again-dress-the-runners-of-the-marabana-havanas-marathon-2024","status":"publish","type":"post","link":"https:\/\/maratondelahabana.com\/en\/adidas-will-once-again-dress-the-runners-of-the-marabana-havanas-marathon-2024\/","title":{"rendered":"Adidas will once again dress the runners of the Marabana-Havana&#8217;s Marathon 2024"},"content":{"rendered":"<ul>\n<li><strong>Adidas will dress the Cuban delegation to the Paris 2024 Olympic Games and returns to the Marabana after having already been present in 2019.<\/strong><\/li>\n<\/ul>\n<p>Adidas will once again supply the apparel for the\u00a0<a href=\"https:\/\/maratondelahabana.com\/en\/\" target=\"_blank\" rel=\"noopener\">Marabana &#8211; Havana&#8217;s Marathon<\/a>\u00a02024, to be held in the Cuban capital next\u00a0<strong>17th of November<\/strong>,\u00a0<strong>as it did in 2019<\/strong>. This will be possible thanks to an agreement signed on Tuesday by Omar J. Vald\u00e9s, director of United Products Ltd. -distributor of the brand in Cuba-; the head of logistics of Inder, L\u00e1zaro Green; and Carlos Gattorno, director of the Comisi\u00f3n Nacional de Carreras y Caminatas Marabana Maracuba (CNCC).<\/p>\n<p>In one of the halls of United Products, Vald\u00e9s praised the return of Adidas in its management of Marabana, an event that he considered to be one of the most popular on the island. &#8220;That chapter that was lost between Adidas and Cuban sport will have to be taken up again. We intend to do more,&#8221; he said.<strong>\u00a0The contract signed, renewable every year, includes the aid station provisioning and delivery of priority materials for the development of Marabana.<\/strong><\/p>\n<p>Green and Gattorno thanked the German company for its actions, and exchanged with the representatives of United Products Ltd. about possible short-term projects that could help the main Cuban long-distance race continue to grow as a spectacle. Emanuele Coda, marketing director of the company, Marisol Rodriguez, head of the Fashion division, and Juan Carlos Mesa, deputy director of the CNCC, also took part in the signing of the document.<\/p>\n<p><img loading=\"lazy\" decoding=\"async\" class=\"alignnone size-medium wp-image-3272\" src=\"https:\/\/maratondelahabana.com\/wp-content\/uploads\/2024\/06\/24.-Adidas-Marabana-1-300x200.jpg\" alt=\"\" width=\"300\" height=\"200\" srcset=\"https:\/\/maratondelahabana.com\/wp-content\/uploads\/2024\/06\/24.-Adidas-Marabana-1-300x200.jpg 300w, https:\/\/maratondelahabana.com\/wp-content\/uploads\/2024\/06\/24.-Adidas-Marabana-1.jpg 600w\" sizes=\"auto, (max-width: 300px) 100vw, 300px\" \/><\/p>\n<p>The United Products Ltd. and Indaco Ltd. group of companies is a commercial, industrial and investment entity. Since 1995, it has been distributing products from a number of internationally renowned manufacturers, with whom it has created a strategic alliance and an international business platform.\u00a0<strong>The contract signed this Tuesday represents a new sign of Adidas&#8217; decision to resume its links with the Cuban Sports System.<\/strong><\/p>\n<p>The first steps in this direction were taken last May, when renowned figures such as Mija\u00edn L\u00f3pez, Javier Sotomayor and Ana Fidelia Quir\u00f3s participated as special guests at the gala where the company presented its line of products designed for the Paris 2024 Olympic Games. As part of the event, held in the French capital, it was announced that\u00a0<strong>Adidas will dress the Cuban delegation that will attend the upcoming Olympic Games.<\/strong><\/p>\n","protected":false},"excerpt":{"rendered":"<p>Adidas will dress the Cuban delegation to the Paris 2024 Olympic Games and returns to the Marabana after having already been present in 2019. Adidas will once again supply the apparel for the\u00a0Marabana &#8211; Havana&#8217;s Marathon\u00a02024, to be held in the Cuban capital next\u00a017th of November,\u00a0as it did in 2019. This will be possible thanks [&hellip;]<\/p>\n","protected":false},"author":2,"featured_media":3270,"comment_status":"open","ping_status":"open","sticky":false,"template":"","format":"standard","meta":{"_monsterinsights_skip_tracking":false,"_monsterinsights_sitenote_active":false,"_monsterinsights_sitenote_note":"","_monsterinsights_sitenote_category":0,"footnotes":""},"categories":[3],"tags":[],"class_list":["post-3275","post","type-post","status-publish","format-standard","has-post-thumbnail","hentry","category-uncategorized"],"yoast_head":"<!-- This site is optimized with the Yoast SEO plugin v27.4 - https:\/\/yoast.com\/product\/yoast-seo-wordpress\/ -->\n<title>Adidas will once again dress the runners of the Marabana-Havana&#039;s Marathon 2024 &#8211; P\u00e1gina OFICIAL Marat\u00f3n de la Habana \/ Habana Marathon Official Site<\/title>\n<meta name=\"description\" content=\"Marabana 2018 se celebrar\u00e1 el domingo 18 de Noviembre de 2018 a las 7 am, con salida y llegada frente al Capitolio. Existen tres modalidades de carrera marat\u00f3n, media marat\u00f3n y 10k, todas con categor\u00eda de discapacitados.\" \/>\n<meta name=\"robots\" content=\"index, follow, max-snippet:-1, max-image-preview:large, max-video-preview:-1\" \/>\n<link rel=\"canonical\" href=\"https:\/\/maratondelahabana.com\/en\/adidas-will-once-again-dress-the-runners-of-the-marabana-havanas-marathon-2024\/\" \/>\n<meta property=\"og:locale\" content=\"en_US\" \/>\n<meta property=\"og:type\" content=\"article\" \/>\n<meta property=\"og:title\" content=\"Adidas will once again dress the runners of the Marabana-Havana&#039;s Marathon 2024 &#8211; P\u00e1gina OFICIAL Marat\u00f3n de la Habana \/ Habana Marathon Official Site\" \/>\n<meta property=\"og:description\" content=\"Marabana 2018 se celebrar\u00e1 el domingo 18 de Noviembre de 2018 a las 7 am, con salida y llegada frente al Capitolio. Existen tres modalidades de carrera marat\u00f3n, media marat\u00f3n y 10k, todas con categor\u00eda de discapacitados.\" \/>\n<meta property=\"og:url\" content=\"https:\/\/maratondelahabana.com\/en\/adidas-will-once-again-dress-the-runners-of-the-marabana-havanas-marathon-2024\/\" \/>\n<meta property=\"og:site_name\" content=\"P\u00e1gina OFICIAL Marat\u00f3n de la Habana \/ Habana Marathon Official Site\" \/>\n<meta property=\"article:publisher\" content=\"https:\/\/www.facebook.com\/MaratonDeLaHabanaMarabana\/\" \/>\n<meta property=\"article:published_time\" content=\"2024-06-14T08:25:06+00:00\" \/>\n<meta property=\"article:modified_time\" content=\"2025-06-25T08:16:09+00:00\" \/>\n<meta property=\"og:image\" content=\"https:\/\/maratondelahabana.com\/wp-content\/uploads\/2024\/06\/24.-Adidas-Marabana.jpg\" \/>\n\t<meta property=\"og:image:width\" content=\"600\" \/>\n\t<meta property=\"og:image:height\" content=\"270\" \/>\n\t<meta property=\"og:image:type\" content=\"image\/jpeg\" \/>\n<meta name=\"author\" content=\"Isidre L\u00f2pez\" \/>\n<meta name=\"twitter:card\" content=\"summary_large_image\" \/>\n<meta name=\"twitter:creator\" content=\"@MaratonMarabana\" \/>\n<meta name=\"twitter:site\" content=\"@MaratonMarabana\" \/>\n<meta name=\"twitter:label1\" content=\"Written by\" \/>\n\t<meta name=\"twitter:data1\" content=\"Isidre L\u00f2pez\" \/>\n\t<meta name=\"twitter:label2\" content=\"Est. reading time\" \/>\n\t<meta name=\"twitter:data2\" content=\"3 minutes\" \/>\n<script type=\"application\/ld+json\" class=\"yoast-schema-graph\">{\"@context\":\"https:\\\/\\\/schema.org\",\"@graph\":[{\"@type\":\"Article\",\"@id\":\"https:\\\/\\\/maratondelahabana.com\\\/en\\\/adidas-will-once-again-dress-the-runners-of-the-marabana-havanas-marathon-2024\\\/#article\",\"isPartOf\":{\"@id\":\"https:\\\/\\\/maratondelahabana.com\\\/en\\\/adidas-will-once-again-dress-the-runners-of-the-marabana-havanas-marathon-2024\\\/\"},\"author\":{\"name\":\"Isidre L\u00f2pez\",\"@id\":\"https:\\\/\\\/maratondelahabana.com\\\/en\\\/#\\\/schema\\\/person\\\/e8ab83bd6fc4d387759e6c003902b8b9\"},\"headline\":\"Adidas will once again dress the runners of the Marabana-Havana&#8217;s Marathon 2024\",\"datePublished\":\"2024-06-14T08:25:06+00:00\",\"dateModified\":\"2025-06-25T08:16:09+00:00\",\"mainEntityOfPage\":{\"@id\":\"https:\\\/\\\/maratondelahabana.com\\\/en\\\/adidas-will-once-again-dress-the-runners-of-the-marabana-havanas-marathon-2024\\\/\"},\"wordCount\":400,\"commentCount\":0,\"image\":{\"@id\":\"https:\\\/\\\/maratondelahabana.com\\\/en\\\/adidas-will-once-again-dress-the-runners-of-the-marabana-havanas-marathon-2024\\\/#primaryimage\"},\"thumbnailUrl\":\"https:\\\/\\\/maratondelahabana.com\\\/wp-content\\\/uploads\\\/2024\\\/06\\\/24.-Adidas-Marabana.jpg\",\"inLanguage\":\"en-US\",\"potentialAction\":[{\"@type\":\"CommentAction\",\"name\":\"Comment\",\"target\":[\"https:\\\/\\\/maratondelahabana.com\\\/en\\\/adidas-will-once-again-dress-the-runners-of-the-marabana-havanas-marathon-2024\\\/#respond\"]}]},{\"@type\":\"WebPage\",\"@id\":\"https:\\\/\\\/maratondelahabana.com\\\/en\\\/adidas-will-once-again-dress-the-runners-of-the-marabana-havanas-marathon-2024\\\/\",\"url\":\"https:\\\/\\\/maratondelahabana.com\\\/en\\\/adidas-will-once-again-dress-the-runners-of-the-marabana-havanas-marathon-2024\\\/\",\"name\":\"Adidas will once again dress the runners of the Marabana-Havana's Marathon 2024 &#8211; P\u00e1gina OFICIAL Marat\u00f3n de la Habana \\\/ Habana Marathon Official Site\",\"isPartOf\":{\"@id\":\"https:\\\/\\\/maratondelahabana.com\\\/en\\\/#website\"},\"primaryImageOfPage\":{\"@id\":\"https:\\\/\\\/maratondelahabana.com\\\/en\\\/adidas-will-once-again-dress-the-runners-of-the-marabana-havanas-marathon-2024\\\/#primaryimage\"},\"image\":{\"@id\":\"https:\\\/\\\/maratondelahabana.com\\\/en\\\/adidas-will-once-again-dress-the-runners-of-the-marabana-havanas-marathon-2024\\\/#primaryimage\"},\"thumbnailUrl\":\"https:\\\/\\\/maratondelahabana.com\\\/wp-content\\\/uploads\\\/2024\\\/06\\\/24.-Adidas-Marabana.jpg\",\"datePublished\":\"2024-06-14T08:25:06+00:00\",\"dateModified\":\"2025-06-25T08:16:09+00:00\",\"author\":{\"@id\":\"https:\\\/\\\/maratondelahabana.com\\\/en\\\/#\\\/schema\\\/person\\\/e8ab83bd6fc4d387759e6c003902b8b9\"},\"description\":\"Marabana 2018 se celebrar\u00e1 el domingo 18 de Noviembre de 2018 a las 7 am, con salida y llegada frente al Capitolio. Existen tres modalidades de carrera marat\u00f3n, media marat\u00f3n y 10k, todas con categor\u00eda de discapacitados.\",\"breadcrumb\":{\"@id\":\"https:\\\/\\\/maratondelahabana.com\\\/en\\\/adidas-will-once-again-dress-the-runners-of-the-marabana-havanas-marathon-2024\\\/#breadcrumb\"},\"inLanguage\":\"en-US\",\"potentialAction\":[{\"@type\":\"ReadAction\",\"target\":[\"https:\\\/\\\/maratondelahabana.com\\\/en\\\/adidas-will-once-again-dress-the-runners-of-the-marabana-havanas-marathon-2024\\\/\"]}]},{\"@type\":\"ImageObject\",\"inLanguage\":\"en-US\",\"@id\":\"https:\\\/\\\/maratondelahabana.com\\\/en\\\/adidas-will-once-again-dress-the-runners-of-the-marabana-havanas-marathon-2024\\\/#primaryimage\",\"url\":\"https:\\\/\\\/maratondelahabana.com\\\/wp-content\\\/uploads\\\/2024\\\/06\\\/24.-Adidas-Marabana.jpg\",\"contentUrl\":\"https:\\\/\\\/maratondelahabana.com\\\/wp-content\\\/uploads\\\/2024\\\/06\\\/24.-Adidas-Marabana.jpg\",\"width\":600,\"height\":270},{\"@type\":\"BreadcrumbList\",\"@id\":\"https:\\\/\\\/maratondelahabana.com\\\/en\\\/adidas-will-once-again-dress-the-runners-of-the-marabana-havanas-marathon-2024\\\/#breadcrumb\",\"itemListElement\":[{\"@type\":\"ListItem\",\"position\":1,\"name\":\"Home\",\"item\":\"https:\\\/\\\/maratondelahabana.com\\\/en\\\/\"},{\"@type\":\"ListItem\",\"position\":2,\"name\":\"Adidas will once again dress the runners of the Marabana-Havana&#8217;s Marathon 2024\"}]},{\"@type\":\"WebSite\",\"@id\":\"https:\\\/\\\/maratondelahabana.com\\\/en\\\/#website\",\"url\":\"https:\\\/\\\/maratondelahabana.com\\\/en\\\/\",\"name\":\"P\u00e1gina OFICIAL Marat\u00f3n de la Habana \\\/ Habana Marathon Official Site\",\"description\":\"Marat\u00f3n de la Habana\",\"potentialAction\":[{\"@type\":\"SearchAction\",\"target\":{\"@type\":\"EntryPoint\",\"urlTemplate\":\"https:\\\/\\\/maratondelahabana.com\\\/en\\\/?s={search_term_string}\"},\"query-input\":{\"@type\":\"PropertyValueSpecification\",\"valueRequired\":true,\"valueName\":\"search_term_string\"}}],\"inLanguage\":\"en-US\"},{\"@type\":\"Person\",\"@id\":\"https:\\\/\\\/maratondelahabana.com\\\/en\\\/#\\\/schema\\\/person\\\/e8ab83bd6fc4d387759e6c003902b8b9\",\"name\":\"Isidre L\u00f2pez\",\"image\":{\"@type\":\"ImageObject\",\"inLanguage\":\"en-US\",\"@id\":\"https:\\\/\\\/secure.gravatar.com\\\/avatar\\\/fbdc76e8779e5e91a4784de0e0c821a5b338c17e50e87c858ed5a68526328b1e?s=96&d=mm&r=g\",\"url\":\"https:\\\/\\\/secure.gravatar.com\\\/avatar\\\/fbdc76e8779e5e91a4784de0e0c821a5b338c17e50e87c858ed5a68526328b1e?s=96&d=mm&r=g\",\"contentUrl\":\"https:\\\/\\\/secure.gravatar.com\\\/avatar\\\/fbdc76e8779e5e91a4784de0e0c821a5b338c17e50e87c858ed5a68526328b1e?s=96&d=mm&r=g\",\"caption\":\"Isidre L\u00f2pez\"},\"url\":\"https:\\\/\\\/maratondelahabana.com\\\/en\\\/author\\\/isidre\\\/\"}]}<\/script>\n<!-- \/ Yoast SEO plugin. -->","yoast_head_json":{"title":"Adidas will once again dress the runners of the Marabana-Havana's Marathon 2024 &#8211; P\u00e1gina OFICIAL Marat\u00f3n de la Habana \/ Habana Marathon Official Site","description":"Marabana 2018 se celebrar\u00e1 el domingo 18 de Noviembre de 2018 a las 7 am, con salida y llegada frente al Capitolio. Existen tres modalidades de carrera marat\u00f3n, media marat\u00f3n y 10k, todas con categor\u00eda de discapacitados.","robots":{"index":"index","follow":"follow","max-snippet":"max-snippet:-1","max-image-preview":"max-image-preview:large","max-video-preview":"max-video-preview:-1"},"canonical":"https:\/\/maratondelahabana.com\/en\/adidas-will-once-again-dress-the-runners-of-the-marabana-havanas-marathon-2024\/","og_locale":"en_US","og_type":"article","og_title":"Adidas will once again dress the runners of the Marabana-Havana's Marathon 2024 &#8211; P\u00e1gina OFICIAL Marat\u00f3n de la Habana \/ Habana Marathon Official Site","og_description":"Marabana 2018 se celebrar\u00e1 el domingo 18 de Noviembre de 2018 a las 7 am, con salida y llegada frente al Capitolio. Existen tres modalidades de carrera marat\u00f3n, media marat\u00f3n y 10k, todas con categor\u00eda de discapacitados.","og_url":"https:\/\/maratondelahabana.com\/en\/adidas-will-once-again-dress-the-runners-of-the-marabana-havanas-marathon-2024\/","og_site_name":"P\u00e1gina OFICIAL Marat\u00f3n de la Habana \/ Habana Marathon Official Site","article_publisher":"https:\/\/www.facebook.com\/MaratonDeLaHabanaMarabana\/","article_published_time":"2024-06-14T08:25:06+00:00","article_modified_time":"2025-06-25T08:16:09+00:00","og_image":[{"width":600,"height":270,"url":"https:\/\/maratondelahabana.com\/wp-content\/uploads\/2024\/06\/24.-Adidas-Marabana.jpg","type":"image\/jpeg"}],"author":"Isidre L\u00f2pez","twitter_card":"summary_large_image","twitter_creator":"@MaratonMarabana","twitter_site":"@MaratonMarabana","twitter_misc":{"Written by":"Isidre L\u00f2pez","Est. reading time":"3 minutes"},"schema":{"@context":"https:\/\/schema.org","@graph":[{"@type":"Article","@id":"https:\/\/maratondelahabana.com\/en\/adidas-will-once-again-dress-the-runners-of-the-marabana-havanas-marathon-2024\/#article","isPartOf":{"@id":"https:\/\/maratondelahabana.com\/en\/adidas-will-once-again-dress-the-runners-of-the-marabana-havanas-marathon-2024\/"},"author":{"name":"Isidre L\u00f2pez","@id":"https:\/\/maratondelahabana.com\/en\/#\/schema\/person\/e8ab83bd6fc4d387759e6c003902b8b9"},"headline":"Adidas will once again dress the runners of the Marabana-Havana&#8217;s Marathon 2024","datePublished":"2024-06-14T08:25:06+00:00","dateModified":"2025-06-25T08:16:09+00:00","mainEntityOfPage":{"@id":"https:\/\/maratondelahabana.com\/en\/adidas-will-once-again-dress-the-runners-of-the-marabana-havanas-marathon-2024\/"},"wordCount":400,"commentCount":0,"image":{"@id":"https:\/\/maratondelahabana.com\/en\/adidas-will-once-again-dress-the-runners-of-the-marabana-havanas-marathon-2024\/#primaryimage"},"thumbnailUrl":"https:\/\/maratondelahabana.com\/wp-content\/uploads\/2024\/06\/24.-Adidas-Marabana.jpg","inLanguage":"en-US","potentialAction":[{"@type":"CommentAction","name":"Comment","target":["https:\/\/maratondelahabana.com\/en\/adidas-will-once-again-dress-the-runners-of-the-marabana-havanas-marathon-2024\/#respond"]}]},{"@type":"WebPage","@id":"https:\/\/maratondelahabana.com\/en\/adidas-will-once-again-dress-the-runners-of-the-marabana-havanas-marathon-2024\/","url":"https:\/\/maratondelahabana.com\/en\/adidas-will-once-again-dress-the-runners-of-the-marabana-havanas-marathon-2024\/","name":"Adidas will once again dress the runners of the Marabana-Havana's Marathon 2024 &#8211; P\u00e1gina OFICIAL Marat\u00f3n de la Habana \/ Habana Marathon Official Site","isPartOf":{"@id":"https:\/\/maratondelahabana.com\/en\/#website"},"primaryImageOfPage":{"@id":"https:\/\/maratondelahabana.com\/en\/adidas-will-once-again-dress-the-runners-of-the-marabana-havanas-marathon-2024\/#primaryimage"},"image":{"@id":"https:\/\/maratondelahabana.com\/en\/adidas-will-once-again-dress-the-runners-of-the-marabana-havanas-marathon-2024\/#primaryimage"},"thumbnailUrl":"https:\/\/maratondelahabana.com\/wp-content\/uploads\/2024\/06\/24.-Adidas-Marabana.jpg","datePublished":"2024-06-14T08:25:06+00:00","dateModified":"2025-06-25T08:16:09+00:00","author":{"@id":"https:\/\/maratondelahabana.com\/en\/#\/schema\/person\/e8ab83bd6fc4d387759e6c003902b8b9"},"description":"Marabana 2018 se celebrar\u00e1 el domingo 18 de Noviembre de 2018 a las 7 am, con salida y llegada frente al Capitolio. Existen tres modalidades de carrera marat\u00f3n, media marat\u00f3n y 10k, todas con categor\u00eda de discapacitados.","breadcrumb":{"@id":"https:\/\/maratondelahabana.com\/en\/adidas-will-once-again-dress-the-runners-of-the-marabana-havanas-marathon-2024\/#breadcrumb"},"inLanguage":"en-US","potentialAction":[{"@type":"ReadAction","target":["https:\/\/maratondelahabana.com\/en\/adidas-will-once-again-dress-the-runners-of-the-marabana-havanas-marathon-2024\/"]}]},{"@type":"ImageObject","inLanguage":"en-US","@id":"https:\/\/maratondelahabana.com\/en\/adidas-will-once-again-dress-the-runners-of-the-marabana-havanas-marathon-2024\/#primaryimage","url":"https:\/\/maratondelahabana.com\/wp-content\/uploads\/2024\/06\/24.-Adidas-Marabana.jpg","contentUrl":"https:\/\/maratondelahabana.com\/wp-content\/uploads\/2024\/06\/24.-Adidas-Marabana.jpg","width":600,"height":270},{"@type":"BreadcrumbList","@id":"https:\/\/maratondelahabana.com\/en\/adidas-will-once-again-dress-the-runners-of-the-marabana-havanas-marathon-2024\/#breadcrumb","itemListElement":[{"@type":"ListItem","position":1,"name":"Home","item":"https:\/\/maratondelahabana.com\/en\/"},{"@type":"ListItem","position":2,"name":"Adidas will once again dress the runners of the Marabana-Havana&#8217;s Marathon 2024"}]},{"@type":"WebSite","@id":"https:\/\/maratondelahabana.com\/en\/#website","url":"https:\/\/maratondelahabana.com\/en\/","name":"P\u00e1gina OFICIAL Marat\u00f3n de la Habana \/ Habana Marathon Official Site","description":"Marat\u00f3n de la Habana","potentialAction":[{"@type":"SearchAction","target":{"@type":"EntryPoint","urlTemplate":"https:\/\/maratondelahabana.com\/en\/?s={search_term_string}"},"query-input":{"@type":"PropertyValueSpecification","valueRequired":true,"valueName":"search_term_string"}}],"inLanguage":"en-US"},{"@type":"Person","@id":"https:\/\/maratondelahabana.com\/en\/#\/schema\/person\/e8ab83bd6fc4d387759e6c003902b8b9","name":"Isidre L\u00f2pez","image":{"@type":"ImageObject","inLanguage":"en-US","@id":"https:\/\/secure.gravatar.com\/avatar\/fbdc76e8779e5e91a4784de0e0c821a5b338c17e50e87c858ed5a68526328b1e?s=96&d=mm&r=g","url":"https:\/\/secure.gravatar.com\/avatar\/fbdc76e8779e5e91a4784de0e0c821a5b338c17e50e87c858ed5a68526328b1e?s=96&d=mm&r=g","contentUrl":"https:\/\/secure.gravatar.com\/avatar\/fbdc76e8779e5e91a4784de0e0c821a5b338c17e50e87c858ed5a68526328b1e?s=96&d=mm&r=g","caption":"Isidre L\u00f2pez"},"url":"https:\/\/maratondelahabana.com\/en\/author\/isidre\/"}]}},"_links":{"self":[{"href":"https:\/\/maratondelahabana.com\/en\/wp-json\/wp\/v2\/posts\/3275","targetHints":{"allow":["GET"]}}],"collection":[{"href":"https:\/\/maratondelahabana.com\/en\/wp-json\/wp\/v2\/posts"}],"about":[{"href":"https:\/\/maratondelahabana.com\/en\/wp-json\/wp\/v2\/types\/post"}],"author":[{"embeddable":true,"href":"https:\/\/maratondelahabana.com\/en\/wp-json\/wp\/v2\/users\/2"}],"replies":[{"embeddable":true,"href":"https:\/\/maratondelahabana.com\/en\/wp-json\/wp\/v2\/comments?post=3275"}],"version-history":[{"count":9,"href":"https:\/\/maratondelahabana.com\/en\/wp-json\/wp\/v2\/posts\/3275\/revisions"}],"predecessor-version":[{"id":3963,"href":"https:\/\/maratondelahabana.com\/en\/wp-json\/wp\/v2\/posts\/3275\/revisions\/3963"}],"wp:featuredmedia":[{"embeddable":true,"href":"https:\/\/maratondelahabana.com\/en\/wp-json\/wp\/v2\/media\/3270"}],"wp:attachment":[{"href":"https:\/\/maratondelahabana.com\/en\/wp-json\/wp\/v2\/media?parent=3275"}],"wp:term":[{"taxonomy":"category","embeddable":true,"href":"https:\/\/maratondelahabana.com\/en\/wp-json\/wp\/v2\/categories?post=3275"},{"taxonomy":"post_tag","embeddable":true,"href":"https:\/\/maratondelahabana.com\/en\/wp-json\/wp\/v2\/tags?post=3275"}],"curies":[{"name":"wp","href":"https:\/\/api.w.org\/{rel}","templated":true}]}}