{"id":920,"date":"2018-09-25T16:51:15","date_gmt":"2018-09-25T16:51:15","guid":{"rendered":"https:\/\/maratondelahabana.com\/?p=920"},"modified":"2025-06-21T06:43:06","modified_gmt":"2025-06-21T06:43:06","slug":"spanish-and-europeans-in-cuba","status":"publish","type":"post","link":"https:\/\/maratondelahabana.com\/en\/spanish-and-europeans-in-cuba\/","title":{"rendered":"SPANISH AND EUROPEANS IN CUBA"},"content":{"rendered":"<p style=\"text-align: left;\">A thousand of foreigners ran in 2017, which demonstrates the importance of the foreign athletes in the Global Ports Marabana Cuba.<br \/>\nAt the moment, there are 30 Spanish registered for the 2018 edition. Spain and Cuba have always had good relationships. Due its geographical situation and the excellent qualities of its bay, it was for centuries the obliged scale of the Spanish fleets in its passage between America and Europe.<br \/>\nIn total, there will be 50 countries represented in the edition 2018, with wide European representation. Regardless of Spain, there will be runners from Germany, Austria, Belgium, Bosnia Herzegovina, Bulgaria, Croatia, France, Finland, Holland, Ireland, Latvia, Norway, Poland, United Kingdom, Czech Republic and Sweden.<br \/>\nConcerning the countries of the rest of the world, there will be runners from countries so remote or exotic as Japan, Taiwan, Cayman Islands, New Zealand or Australia.<\/p>\n","protected":false},"excerpt":{"rendered":"<p>A thousand of foreigners ran in 2017, which demonstrates the importance of the foreign athletes in the Global Ports Marabana Cuba. At the moment, there are 30 Spanish registered for the 2018 edition. Spain and Cuba have always had good relationships. Due its geographical situation and the excellent qualities of its bay, it was for [&hellip;]<\/p>\n","protected":false},"author":2,"featured_media":917,"comment_status":"open","ping_status":"open","sticky":false,"template":"","format":"standard","meta":{"_monsterinsights_skip_tracking":false,"_monsterinsights_sitenote_active":false,"_monsterinsights_sitenote_note":"","_monsterinsights_sitenote_category":0,"footnotes":""},"categories":[1],"tags":[],"class_list":["post-920","post","type-post","status-publish","format-standard","has-post-thumbnail","hentry","category-sin-categorizar"],"yoast_head":"<!-- This site is optimized with the Yoast SEO plugin v27.4 - https:\/\/yoast.com\/product\/yoast-seo-wordpress\/ -->\n<title>SPANISH AND EUROPEANS IN CUBA &#8211; P\u00e1gina OFICIAL Marat\u00f3n de la Habana \/ Habana Marathon Official Site<\/title>\n<meta name=\"description\" content=\"Marabana 2018 se celebrar\u00e1 el domingo 18 de Noviembre de 2018 a las 7 am, con salida y llegada frente al Capitolio. Existen tres modalidades de carrera marat\u00f3n, media marat\u00f3n y 10k, todas con categor\u00eda de discapacitados.\" \/>\n<meta name=\"robots\" content=\"index, follow, max-snippet:-1, max-image-preview:large, max-video-preview:-1\" \/>\n<link rel=\"canonical\" href=\"https:\/\/maratondelahabana.com\/en\/spanish-and-europeans-in-cuba\/\" \/>\n<meta property=\"og:locale\" content=\"en_US\" \/>\n<meta property=\"og:type\" content=\"article\" \/>\n<meta property=\"og:title\" content=\"SPANISH AND EUROPEANS IN CUBA &#8211; P\u00e1gina OFICIAL Marat\u00f3n de la Habana \/ Habana Marathon Official Site\" \/>\n<meta property=\"og:description\" content=\"Marabana 2018 se celebrar\u00e1 el domingo 18 de Noviembre de 2018 a las 7 am, con salida y llegada frente al Capitolio. Existen tres modalidades de carrera marat\u00f3n, media marat\u00f3n y 10k, todas con categor\u00eda de discapacitados.\" \/>\n<meta property=\"og:url\" content=\"https:\/\/maratondelahabana.com\/en\/spanish-and-europeans-in-cuba\/\" \/>\n<meta property=\"og:site_name\" content=\"P\u00e1gina OFICIAL Marat\u00f3n de la Habana \/ Habana Marathon Official Site\" \/>\n<meta property=\"article:publisher\" content=\"https:\/\/www.facebook.com\/MaratonDeLaHabanaMarabana\/\" \/>\n<meta property=\"article:published_time\" content=\"2018-09-25T16:51:15+00:00\" \/>\n<meta property=\"article:modified_time\" content=\"2025-06-21T06:43:06+00:00\" \/>\n<meta property=\"og:image\" content=\"https:\/\/maratondelahabana.com\/wp-content\/uploads\/2018\/09\/14463029_1192559587471743_4946219549077620684_n.jpg\" \/>\n\t<meta property=\"og:image:width\" content=\"960\" \/>\n\t<meta property=\"og:image:height\" content=\"640\" \/>\n\t<meta property=\"og:image:type\" content=\"image\/jpeg\" \/>\n<meta name=\"author\" content=\"Isidre L\u00f2pez\" \/>\n<meta name=\"twitter:card\" content=\"summary_large_image\" \/>\n<meta name=\"twitter:creator\" content=\"@MaratonMarabana\" \/>\n<meta name=\"twitter:site\" content=\"@MaratonMarabana\" \/>\n<meta name=\"twitter:label1\" content=\"Written by\" \/>\n\t<meta name=\"twitter:data1\" content=\"Isidre L\u00f2pez\" \/>\n\t<meta name=\"twitter:label2\" content=\"Est. reading time\" \/>\n\t<meta name=\"twitter:data2\" content=\"1 minute\" \/>\n<script type=\"application\/ld+json\" class=\"yoast-schema-graph\">{\"@context\":\"https:\\\/\\\/schema.org\",\"@graph\":[{\"@type\":\"Article\",\"@id\":\"https:\\\/\\\/maratondelahabana.com\\\/en\\\/spanish-and-europeans-in-cuba\\\/#article\",\"isPartOf\":{\"@id\":\"https:\\\/\\\/maratondelahabana.com\\\/en\\\/spanish-and-europeans-in-cuba\\\/\"},\"author\":{\"name\":\"Isidre L\u00f2pez\",\"@id\":\"https:\\\/\\\/maratondelahabana.com\\\/en\\\/#\\\/schema\\\/person\\\/e8ab83bd6fc4d387759e6c003902b8b9\"},\"headline\":\"SPANISH AND EUROPEANS IN CUBA\",\"datePublished\":\"2018-09-25T16:51:15+00:00\",\"dateModified\":\"2025-06-21T06:43:06+00:00\",\"mainEntityOfPage\":{\"@id\":\"https:\\\/\\\/maratondelahabana.com\\\/en\\\/spanish-and-europeans-in-cuba\\\/\"},\"wordCount\":142,\"commentCount\":0,\"image\":{\"@id\":\"https:\\\/\\\/maratondelahabana.com\\\/en\\\/spanish-and-europeans-in-cuba\\\/#primaryimage\"},\"thumbnailUrl\":\"https:\\\/\\\/maratondelahabana.com\\\/wp-content\\\/uploads\\\/2018\\\/09\\\/14463029_1192559587471743_4946219549077620684_n.jpg\",\"articleSection\":[\"Sin categorizar\"],\"inLanguage\":\"en-US\",\"potentialAction\":[{\"@type\":\"CommentAction\",\"name\":\"Comment\",\"target\":[\"https:\\\/\\\/maratondelahabana.com\\\/en\\\/spanish-and-europeans-in-cuba\\\/#respond\"]}]},{\"@type\":\"WebPage\",\"@id\":\"https:\\\/\\\/maratondelahabana.com\\\/en\\\/spanish-and-europeans-in-cuba\\\/\",\"url\":\"https:\\\/\\\/maratondelahabana.com\\\/en\\\/spanish-and-europeans-in-cuba\\\/\",\"name\":\"SPANISH AND EUROPEANS IN CUBA &#8211; P\u00e1gina OFICIAL Marat\u00f3n de la Habana \\\/ Habana Marathon Official Site\",\"isPartOf\":{\"@id\":\"https:\\\/\\\/maratondelahabana.com\\\/en\\\/#website\"},\"primaryImageOfPage\":{\"@id\":\"https:\\\/\\\/maratondelahabana.com\\\/en\\\/spanish-and-europeans-in-cuba\\\/#primaryimage\"},\"image\":{\"@id\":\"https:\\\/\\\/maratondelahabana.com\\\/en\\\/spanish-and-europeans-in-cuba\\\/#primaryimage\"},\"thumbnailUrl\":\"https:\\\/\\\/maratondelahabana.com\\\/wp-content\\\/uploads\\\/2018\\\/09\\\/14463029_1192559587471743_4946219549077620684_n.jpg\",\"datePublished\":\"2018-09-25T16:51:15+00:00\",\"dateModified\":\"2025-06-21T06:43:06+00:00\",\"author\":{\"@id\":\"https:\\\/\\\/maratondelahabana.com\\\/en\\\/#\\\/schema\\\/person\\\/e8ab83bd6fc4d387759e6c003902b8b9\"},\"description\":\"Marabana 2018 se celebrar\u00e1 el domingo 18 de Noviembre de 2018 a las 7 am, con salida y llegada frente al Capitolio. Existen tres modalidades de carrera marat\u00f3n, media marat\u00f3n y 10k, todas con categor\u00eda de discapacitados.\",\"breadcrumb\":{\"@id\":\"https:\\\/\\\/maratondelahabana.com\\\/en\\\/spanish-and-europeans-in-cuba\\\/#breadcrumb\"},\"inLanguage\":\"en-US\",\"potentialAction\":[{\"@type\":\"ReadAction\",\"target\":[\"https:\\\/\\\/maratondelahabana.com\\\/en\\\/spanish-and-europeans-in-cuba\\\/\"]}]},{\"@type\":\"ImageObject\",\"inLanguage\":\"en-US\",\"@id\":\"https:\\\/\\\/maratondelahabana.com\\\/en\\\/spanish-and-europeans-in-cuba\\\/#primaryimage\",\"url\":\"https:\\\/\\\/maratondelahabana.com\\\/wp-content\\\/uploads\\\/2018\\\/09\\\/14463029_1192559587471743_4946219549077620684_n.jpg\",\"contentUrl\":\"https:\\\/\\\/maratondelahabana.com\\\/wp-content\\\/uploads\\\/2018\\\/09\\\/14463029_1192559587471743_4946219549077620684_n.jpg\",\"width\":960,\"height\":640},{\"@type\":\"BreadcrumbList\",\"@id\":\"https:\\\/\\\/maratondelahabana.com\\\/en\\\/spanish-and-europeans-in-cuba\\\/#breadcrumb\",\"itemListElement\":[{\"@type\":\"ListItem\",\"position\":1,\"name\":\"Home\",\"item\":\"https:\\\/\\\/maratondelahabana.com\\\/en\\\/\"},{\"@type\":\"ListItem\",\"position\":2,\"name\":\"SPANISH AND EUROPEANS IN CUBA\"}]},{\"@type\":\"WebSite\",\"@id\":\"https:\\\/\\\/maratondelahabana.com\\\/en\\\/#website\",\"url\":\"https:\\\/\\\/maratondelahabana.com\\\/en\\\/\",\"name\":\"P\u00e1gina OFICIAL Marat\u00f3n de la Habana \\\/ Habana Marathon Official Site\",\"description\":\"Marat\u00f3n de la Habana\",\"potentialAction\":[{\"@type\":\"SearchAction\",\"target\":{\"@type\":\"EntryPoint\",\"urlTemplate\":\"https:\\\/\\\/maratondelahabana.com\\\/en\\\/?s={search_term_string}\"},\"query-input\":{\"@type\":\"PropertyValueSpecification\",\"valueRequired\":true,\"valueName\":\"search_term_string\"}}],\"inLanguage\":\"en-US\"},{\"@type\":\"Person\",\"@id\":\"https:\\\/\\\/maratondelahabana.com\\\/en\\\/#\\\/schema\\\/person\\\/e8ab83bd6fc4d387759e6c003902b8b9\",\"name\":\"Isidre L\u00f2pez\",\"image\":{\"@type\":\"ImageObject\",\"inLanguage\":\"en-US\",\"@id\":\"https:\\\/\\\/secure.gravatar.com\\\/avatar\\\/fbdc76e8779e5e91a4784de0e0c821a5b338c17e50e87c858ed5a68526328b1e?s=96&d=mm&r=g\",\"url\":\"https:\\\/\\\/secure.gravatar.com\\\/avatar\\\/fbdc76e8779e5e91a4784de0e0c821a5b338c17e50e87c858ed5a68526328b1e?s=96&d=mm&r=g\",\"contentUrl\":\"https:\\\/\\\/secure.gravatar.com\\\/avatar\\\/fbdc76e8779e5e91a4784de0e0c821a5b338c17e50e87c858ed5a68526328b1e?s=96&d=mm&r=g\",\"caption\":\"Isidre L\u00f2pez\"},\"url\":\"https:\\\/\\\/maratondelahabana.com\\\/en\\\/author\\\/isidre\\\/\"}]}<\/script>\n<!-- \/ Yoast SEO plugin. -->","yoast_head_json":{"title":"SPANISH AND EUROPEANS IN CUBA &#8211; P\u00e1gina OFICIAL Marat\u00f3n de la Habana \/ Habana Marathon Official Site","description":"Marabana 2018 se celebrar\u00e1 el domingo 18 de Noviembre de 2018 a las 7 am, con salida y llegada frente al Capitolio. Existen tres modalidades de carrera marat\u00f3n, media marat\u00f3n y 10k, todas con categor\u00eda de discapacitados.","robots":{"index":"index","follow":"follow","max-snippet":"max-snippet:-1","max-image-preview":"max-image-preview:large","max-video-preview":"max-video-preview:-1"},"canonical":"https:\/\/maratondelahabana.com\/en\/spanish-and-europeans-in-cuba\/","og_locale":"en_US","og_type":"article","og_title":"SPANISH AND EUROPEANS IN CUBA &#8211; P\u00e1gina OFICIAL Marat\u00f3n de la Habana \/ Habana Marathon Official Site","og_description":"Marabana 2018 se celebrar\u00e1 el domingo 18 de Noviembre de 2018 a las 7 am, con salida y llegada frente al Capitolio. Existen tres modalidades de carrera marat\u00f3n, media marat\u00f3n y 10k, todas con categor\u00eda de discapacitados.","og_url":"https:\/\/maratondelahabana.com\/en\/spanish-and-europeans-in-cuba\/","og_site_name":"P\u00e1gina OFICIAL Marat\u00f3n de la Habana \/ Habana Marathon Official Site","article_publisher":"https:\/\/www.facebook.com\/MaratonDeLaHabanaMarabana\/","article_published_time":"2018-09-25T16:51:15+00:00","article_modified_time":"2025-06-21T06:43:06+00:00","og_image":[{"width":960,"height":640,"url":"https:\/\/maratondelahabana.com\/wp-content\/uploads\/2018\/09\/14463029_1192559587471743_4946219549077620684_n.jpg","type":"image\/jpeg"}],"author":"Isidre L\u00f2pez","twitter_card":"summary_large_image","twitter_creator":"@MaratonMarabana","twitter_site":"@MaratonMarabana","twitter_misc":{"Written by":"Isidre L\u00f2pez","Est. reading time":"1 minute"},"schema":{"@context":"https:\/\/schema.org","@graph":[{"@type":"Article","@id":"https:\/\/maratondelahabana.com\/en\/spanish-and-europeans-in-cuba\/#article","isPartOf":{"@id":"https:\/\/maratondelahabana.com\/en\/spanish-and-europeans-in-cuba\/"},"author":{"name":"Isidre L\u00f2pez","@id":"https:\/\/maratondelahabana.com\/en\/#\/schema\/person\/e8ab83bd6fc4d387759e6c003902b8b9"},"headline":"SPANISH AND EUROPEANS IN CUBA","datePublished":"2018-09-25T16:51:15+00:00","dateModified":"2025-06-21T06:43:06+00:00","mainEntityOfPage":{"@id":"https:\/\/maratondelahabana.com\/en\/spanish-and-europeans-in-cuba\/"},"wordCount":142,"commentCount":0,"image":{"@id":"https:\/\/maratondelahabana.com\/en\/spanish-and-europeans-in-cuba\/#primaryimage"},"thumbnailUrl":"https:\/\/maratondelahabana.com\/wp-content\/uploads\/2018\/09\/14463029_1192559587471743_4946219549077620684_n.jpg","articleSection":["Sin categorizar"],"inLanguage":"en-US","potentialAction":[{"@type":"CommentAction","name":"Comment","target":["https:\/\/maratondelahabana.com\/en\/spanish-and-europeans-in-cuba\/#respond"]}]},{"@type":"WebPage","@id":"https:\/\/maratondelahabana.com\/en\/spanish-and-europeans-in-cuba\/","url":"https:\/\/maratondelahabana.com\/en\/spanish-and-europeans-in-cuba\/","name":"SPANISH AND EUROPEANS IN CUBA &#8211; P\u00e1gina OFICIAL Marat\u00f3n de la Habana \/ Habana Marathon Official Site","isPartOf":{"@id":"https:\/\/maratondelahabana.com\/en\/#website"},"primaryImageOfPage":{"@id":"https:\/\/maratondelahabana.com\/en\/spanish-and-europeans-in-cuba\/#primaryimage"},"image":{"@id":"https:\/\/maratondelahabana.com\/en\/spanish-and-europeans-in-cuba\/#primaryimage"},"thumbnailUrl":"https:\/\/maratondelahabana.com\/wp-content\/uploads\/2018\/09\/14463029_1192559587471743_4946219549077620684_n.jpg","datePublished":"2018-09-25T16:51:15+00:00","dateModified":"2025-06-21T06:43:06+00:00","author":{"@id":"https:\/\/maratondelahabana.com\/en\/#\/schema\/person\/e8ab83bd6fc4d387759e6c003902b8b9"},"description":"Marabana 2018 se celebrar\u00e1 el domingo 18 de Noviembre de 2018 a las 7 am, con salida y llegada frente al Capitolio. Existen tres modalidades de carrera marat\u00f3n, media marat\u00f3n y 10k, todas con categor\u00eda de discapacitados.","breadcrumb":{"@id":"https:\/\/maratondelahabana.com\/en\/spanish-and-europeans-in-cuba\/#breadcrumb"},"inLanguage":"en-US","potentialAction":[{"@type":"ReadAction","target":["https:\/\/maratondelahabana.com\/en\/spanish-and-europeans-in-cuba\/"]}]},{"@type":"ImageObject","inLanguage":"en-US","@id":"https:\/\/maratondelahabana.com\/en\/spanish-and-europeans-in-cuba\/#primaryimage","url":"https:\/\/maratondelahabana.com\/wp-content\/uploads\/2018\/09\/14463029_1192559587471743_4946219549077620684_n.jpg","contentUrl":"https:\/\/maratondelahabana.com\/wp-content\/uploads\/2018\/09\/14463029_1192559587471743_4946219549077620684_n.jpg","width":960,"height":640},{"@type":"BreadcrumbList","@id":"https:\/\/maratondelahabana.com\/en\/spanish-and-europeans-in-cuba\/#breadcrumb","itemListElement":[{"@type":"ListItem","position":1,"name":"Home","item":"https:\/\/maratondelahabana.com\/en\/"},{"@type":"ListItem","position":2,"name":"SPANISH AND EUROPEANS IN CUBA"}]},{"@type":"WebSite","@id":"https:\/\/maratondelahabana.com\/en\/#website","url":"https:\/\/maratondelahabana.com\/en\/","name":"P\u00e1gina OFICIAL Marat\u00f3n de la Habana \/ Habana Marathon Official Site","description":"Marat\u00f3n de la Habana","potentialAction":[{"@type":"SearchAction","target":{"@type":"EntryPoint","urlTemplate":"https:\/\/maratondelahabana.com\/en\/?s={search_term_string}"},"query-input":{"@type":"PropertyValueSpecification","valueRequired":true,"valueName":"search_term_string"}}],"inLanguage":"en-US"},{"@type":"Person","@id":"https:\/\/maratondelahabana.com\/en\/#\/schema\/person\/e8ab83bd6fc4d387759e6c003902b8b9","name":"Isidre L\u00f2pez","image":{"@type":"ImageObject","inLanguage":"en-US","@id":"https:\/\/secure.gravatar.com\/avatar\/fbdc76e8779e5e91a4784de0e0c821a5b338c17e50e87c858ed5a68526328b1e?s=96&d=mm&r=g","url":"https:\/\/secure.gravatar.com\/avatar\/fbdc76e8779e5e91a4784de0e0c821a5b338c17e50e87c858ed5a68526328b1e?s=96&d=mm&r=g","contentUrl":"https:\/\/secure.gravatar.com\/avatar\/fbdc76e8779e5e91a4784de0e0c821a5b338c17e50e87c858ed5a68526328b1e?s=96&d=mm&r=g","caption":"Isidre L\u00f2pez"},"url":"https:\/\/maratondelahabana.com\/en\/author\/isidre\/"}]}},"_links":{"self":[{"href":"https:\/\/maratondelahabana.com\/en\/wp-json\/wp\/v2\/posts\/920","targetHints":{"allow":["GET"]}}],"collection":[{"href":"https:\/\/maratondelahabana.com\/en\/wp-json\/wp\/v2\/posts"}],"about":[{"href":"https:\/\/maratondelahabana.com\/en\/wp-json\/wp\/v2\/types\/post"}],"author":[{"embeddable":true,"href":"https:\/\/maratondelahabana.com\/en\/wp-json\/wp\/v2\/users\/2"}],"replies":[{"embeddable":true,"href":"https:\/\/maratondelahabana.com\/en\/wp-json\/wp\/v2\/comments?post=920"}],"version-history":[{"count":6,"href":"https:\/\/maratondelahabana.com\/en\/wp-json\/wp\/v2\/posts\/920\/revisions"}],"predecessor-version":[{"id":3898,"href":"https:\/\/maratondelahabana.com\/en\/wp-json\/wp\/v2\/posts\/920\/revisions\/3898"}],"wp:featuredmedia":[{"embeddable":true,"href":"https:\/\/maratondelahabana.com\/en\/wp-json\/wp\/v2\/media\/917"}],"wp:attachment":[{"href":"https:\/\/maratondelahabana.com\/en\/wp-json\/wp\/v2\/media?parent=920"}],"wp:term":[{"taxonomy":"category","embeddable":true,"href":"https:\/\/maratondelahabana.com\/en\/wp-json\/wp\/v2\/categories?post=920"},{"taxonomy":"post_tag","embeddable":true,"href":"https:\/\/maratondelahabana.com\/en\/wp-json\/wp\/v2\/tags?post=920"}],"curies":[{"name":"wp","href":"https:\/\/api.w.org\/{rel}","templated":true}]}}